{"id":19775,"date":"2025-09-01T20:46:04","date_gmt":"2025-09-01T20:46:04","guid":{"rendered":"https:\/\/cedproduct1stg.wpenginepowered.com\/?p=19775"},"modified":"2025-09-02T09:00:05","modified_gmt":"2025-09-02T09:00:05","slug":"administrateur-systemes-et-reseaux-gardien-invisible-de-linfrastructure-numerique","status":"publish","type":"post","link":"https:\/\/ceditech.ci\/en\/administrateur-systemes-et-reseaux-gardien-invisible-de-linfrastructure-numerique\/","title":{"rendered":"Administrateur Syst\u00e8mes et R\u00e9seaux : Le gardien invisible de l\u2019infrastructure num\u00e9rique"},"content":{"rendered":"<div data-elementor-type=\"wp-post\" data-elementor-id=\"19775\" class=\"elementor elementor-19775\" data-elementor-post-type=\"post\">\n\t\t\t\t<div class=\"elementor-element elementor-element-f64bfeb e-con-full e-flex e-con e-parent\" data-id=\"f64bfeb\" data-element_type=\"container\" data-e-type=\"container\">\n\t\t\t\t<div class=\"elementor-element elementor-element-a5e963f elementor--h-position-center elementor--v-position-middle elementor-arrows-position-inside elementor-pagination-position-inside elementor-widget elementor-widget-slides\" data-id=\"a5e963f\" data-element_type=\"widget\" data-e-type=\"widget\" data-settings=\"{&quot;navigation&quot;:&quot;both&quot;,&quot;autoplay&quot;:&quot;yes&quot;,&quot;pause_on_hover&quot;:&quot;yes&quot;,&quot;pause_on_interaction&quot;:&quot;yes&quot;,&quot;autoplay_speed&quot;:5000,&quot;infinite&quot;:&quot;yes&quot;,&quot;transition&quot;:&quot;slide&quot;,&quot;transition_speed&quot;:500}\" data-widget_type=\"slides.default\">\n\t\t\t\t<div class=\"elementor-widget-container\">\n\t\t\t\t\t\t\t<div class=\"elementor-swiper\">\n\t\t\t<div class=\"elementor-slides-wrapper elementor-main-swiper swiper-container\" dir=\"ltr\" data-animation=\"fadeInUp\">\n\t\t\t\t<div class=\"swiper-wrapper elementor-slides\">\n\t\t\t\t\t\t\t\t\t\t<div class=\"elementor-repeater-item-5164f56 swiper-slide\"><div class=\"swiper-slide-bg\" role=\"img\"><\/div><div class=\"elementor-background-overlay\"><\/div><div class=\"swiper-slide-inner\" ><div class=\"swiper-slide-contents\"><div class=\"elementor-slide-heading\">Administrateur Syst\u00e8mes et R\u00e9seaux<\/div><div class=\"elementor-slide-description\">Le gardien invisible de l\u2019infrastructure num\u00e9rique<\/div><\/div><\/div><\/div>\t\t\t\t<\/div>\n\t\t\t\t\t\t\t<\/div>\n\t\t<\/div>\n\t\t\t\t\t\t<\/div>\n\t\t\t\t<\/div>\n\t\t\t\t<div class=\"elementor-element elementor-element-5af6ac9 elementor-widget elementor-widget-spacer\" data-id=\"5af6ac9\" data-element_type=\"widget\" data-e-type=\"widget\" data-widget_type=\"spacer.default\">\n\t\t\t\t<div class=\"elementor-widget-container\">\n\t\t\t\t\t\t\t<div class=\"elementor-spacer\">\n\t\t\t<div class=\"elementor-spacer-inner\"><\/div>\n\t\t<\/div>\n\t\t\t\t\t\t<\/div>\n\t\t\t\t<\/div>\n\t\t\t\t<\/div>\n\t\t<div class=\"elementor-element elementor-element-c71ae40 e-con-full e-flex e-con e-parent\" data-id=\"c71ae40\" data-element_type=\"container\" data-e-type=\"container\">\n\t\t\t\t<div class=\"elementor-element elementor-element-ad43eca elementor-widget elementor-widget-text-editor\" data-id=\"ad43eca\" data-element_type=\"widget\" data-e-type=\"widget\" data-widget_type=\"text-editor.default\">\n\t\t\t\t<div class=\"elementor-widget-container\">\n\t\t\t\t\t\t\t\t\t<p>Dans l\u2019ar\u00e8ne de la transformation digitale africaine, o\u00f9 l\u2019acc\u00e8s au num\u00e9rique acc\u00e9l\u00e8re et les infrastructures sont en plein d\u00e9veloppement, l\u2019<strong>ADMINISTRATEUR SYSTEMES ET RESEAUX<\/strong> incarne un r\u00f4le \u00e0 la fois essentiel et discret. Plus qu\u2019un ex\u00e9cutant de configurations, il est le garant de la r\u00e9silience, de la s\u00e9curit\u00e9 et de la performance des \u00e9cosyst\u00e8mes num\u00e9riques. Pour tout adulte d\u00e9sireux de se r\u00e9inventer professionnellement, ce m\u00e9tier constitue une passerelle strat\u00e9gique vers un avenir solide et porteur d\u2019impact.<span data-ccp-props=\"{&quot;134233117&quot;:false,&quot;134233118&quot;:false,&quot;335551550&quot;:6,&quot;335551620&quot;:6,&quot;335559738&quot;:240,&quot;335559739&quot;:240}\">\u00a0<\/span><\/p>\t\t\t\t\t\t\t\t<\/div>\n\t\t\t\t<\/div>\n\t\t\t\t<div class=\"elementor-element elementor-element-0e7a3f6 elementor-widget elementor-widget-spacer\" data-id=\"0e7a3f6\" data-element_type=\"widget\" data-e-type=\"widget\" data-widget_type=\"spacer.default\">\n\t\t\t\t<div class=\"elementor-widget-container\">\n\t\t\t\t\t\t\t<div class=\"elementor-spacer\">\n\t\t\t<div class=\"elementor-spacer-inner\"><\/div>\n\t\t<\/div>\n\t\t\t\t\t\t<\/div>\n\t\t\t\t<\/div>\n\t\t\t\t<\/div>\n\t\t<div class=\"elementor-element elementor-element-ab87e87 e-con-full e-flex e-con e-parent\" data-id=\"ab87e87\" data-element_type=\"container\" data-e-type=\"container\">\n\t\t<div class=\"elementor-element elementor-element-232c566 e-con-full e-flex e-con e-child\" data-id=\"232c566\" data-element_type=\"container\" data-e-type=\"container\">\n\t\t\t\t<div class=\"elementor-element elementor-element-449a7ce elementor-widget elementor-widget-text-editor\" data-id=\"449a7ce\" data-element_type=\"widget\" data-e-type=\"widget\" data-widget_type=\"text-editor.default\">\n\t\t\t\t<div class=\"elementor-widget-container\">\n\t\t\t\t\t\t\t\t\t<p>Effectivement, les indicateurs africains t\u00e9moignent d\u2019un besoin criant en comp\u00e9tences d\u2019infrastructure. Le rapport 2024 du <span data-contrast=\"auto\">Ibrahim Index of African Governance<\/span><span data-contrast=\"auto\"> met en lumi\u00e8re une am\u00e9lioration significative du sous-indice \u00ab Infrastructure \u00bb, en particulier l\u2019acc\u00e8s \u00e0 Internet mobile, avec une hausse de plus de 41 points entre 2014 et 2023.\u00a0<\/span><\/p><p>Cette progression d\u00e9montre non seulement une augmentation de la connectivit\u00e9, mais r\u00e9v\u00e8le \u00e9galement les d\u00e9fis \u00e0 venir : g\u00e9rer un trafic num\u00e9rique en expansion rapide exige des comp\u00e9tences techniques robustes.<span data-ccp-props=\"{&quot;134233117&quot;:false,&quot;134233118&quot;:false,&quot;335551550&quot;:6,&quot;335551620&quot;:6,&quot;335559738&quot;:240,&quot;335559739&quot;:240}\">\u00a0<\/span><\/p>\t\t\t\t\t\t\t\t<\/div>\n\t\t\t\t<\/div>\n\t\t\t\t<\/div>\n\t\t<div class=\"elementor-element elementor-element-cba8ac8 e-con-full e-flex e-con e-child\" data-id=\"cba8ac8\" data-element_type=\"container\" data-e-type=\"container\">\n\t\t\t\t<div class=\"elementor-element elementor-element-6ae2e52 elementor-widget elementor-widget-image\" data-id=\"6ae2e52\" data-element_type=\"widget\" data-e-type=\"widget\" data-widget_type=\"image.default\">\n\t\t\t\t<div class=\"elementor-widget-container\">\n\t\t\t\t\t\t\t\t\t\t\t\t\t\t\t<img fetchpriority=\"high\" decoding=\"async\" width=\"640\" height=\"427\" src=\"https:\/\/ceditech.ci\/wp-content\/uploads\/2025\/09\/view-male-engineer-work-engineers-day-celebration-1-1024x683.webp\" class=\"attachment-large size-large wp-image-19777\" alt=\"\" srcset=\"https:\/\/ceditech.ci\/wp-content\/uploads\/2025\/09\/view-male-engineer-work-engineers-day-celebration-1-1024x683.webp 1024w, https:\/\/ceditech.ci\/wp-content\/uploads\/2025\/09\/view-male-engineer-work-engineers-day-celebration-1-300x200.webp 300w, https:\/\/ceditech.ci\/wp-content\/uploads\/2025\/09\/view-male-engineer-work-engineers-day-celebration-1-768x512.webp 768w, https:\/\/ceditech.ci\/wp-content\/uploads\/2025\/09\/view-male-engineer-work-engineers-day-celebration-1-1536x1024.webp 1536w, https:\/\/ceditech.ci\/wp-content\/uploads\/2025\/09\/view-male-engineer-work-engineers-day-celebration-1-2048x1365.webp 2048w, https:\/\/ceditech.ci\/wp-content\/uploads\/2025\/09\/view-male-engineer-work-engineers-day-celebration-1-18x12.webp 18w, https:\/\/ceditech.ci\/wp-content\/uploads\/2025\/09\/view-male-engineer-work-engineers-day-celebration-1-600x400.webp 600w\" sizes=\"(max-width: 640px) 100vw, 640px\" \/>\t\t\t\t\t\t\t\t\t\t\t\t\t\t\t<\/div>\n\t\t\t\t<\/div>\n\t\t\t\t<\/div>\n\t\t\t\t<\/div>\n\t\t<div class=\"elementor-element elementor-element-0d9918b e-con-full e-flex e-con e-parent\" data-id=\"0d9918b\" data-element_type=\"container\" data-e-type=\"container\">\n\t\t\t\t<div class=\"elementor-element elementor-element-4868ccb elementor-widget elementor-widget-spacer\" data-id=\"4868ccb\" data-element_type=\"widget\" data-e-type=\"widget\" data-widget_type=\"spacer.default\">\n\t\t\t\t<div class=\"elementor-widget-container\">\n\t\t\t\t\t\t\t<div class=\"elementor-spacer\">\n\t\t\t<div class=\"elementor-spacer-inner\"><\/div>\n\t\t<\/div>\n\t\t\t\t\t\t<\/div>\n\t\t\t\t<\/div>\n\t\t\t\t<div class=\"elementor-element elementor-element-7bd4658 elementor-widget elementor-widget-text-editor\" data-id=\"7bd4658\" data-element_type=\"widget\" data-e-type=\"widget\" data-widget_type=\"text-editor.default\">\n\t\t\t\t<div class=\"elementor-widget-container\">\n\t\t\t\t\t\t\t\t\t<p>Par ailleurs, la Banque mondiale et la <strong>D4D Hub<\/strong><span data-contrast=\"auto\"> indiquent que le volume de donn\u00e9es sur le continent pourrait tripler d\u2019ici 2030, implorant ainsi une infrastructure renforc\u00e9e compos\u00e9e de centres de donn\u00e9es, de densification de fibres optiques et d\u2019une capacit\u00e9 de routage optimis\u00e9e pour soutenir cette croissance (source : <\/span><a href=\"https:\/\/cms.d4dhub.eu\/assets\/Africa-Digital-Infrastructure-Report.pdf?utm_source=chatgpt.com\"><span data-ccp-charstyle=\"Hyperlink\">cms.d4dhub.eu<\/span><\/a><span data-contrast=\"auto\"> )<\/span>. Dans ce contexte, l\u2019<strong>ADMINISTRATEUR SYSTEMES ET RESEAUX<\/strong> <strong>devient le pivot de cette mont\u00e9e en puissance<\/strong> : celui qui veille \u00e0 l\u2019int\u00e9grit\u00e9, \u00e0 la stabilit\u00e9 et \u00e0 la disponibilit\u00e9 des infrastructures num\u00e9riques.<\/p>\t\t\t\t\t\t\t\t<\/div>\n\t\t\t\t<\/div>\n\t\t\t\t<div class=\"elementor-element elementor-element-b444467 elementor-widget elementor-widget-spacer\" data-id=\"b444467\" data-element_type=\"widget\" data-e-type=\"widget\" data-widget_type=\"spacer.default\">\n\t\t\t\t<div class=\"elementor-widget-container\">\n\t\t\t\t\t\t\t<div class=\"elementor-spacer\">\n\t\t\t<div class=\"elementor-spacer-inner\"><\/div>\n\t\t<\/div>\n\t\t\t\t\t\t<\/div>\n\t\t\t\t<\/div>\n\t\t\t\t<\/div>\n\t\t<div class=\"elementor-element elementor-element-d70ebf7 e-con-full e-flex e-con e-parent\" data-id=\"d70ebf7\" data-element_type=\"container\" data-e-type=\"container\">\n\t\t<div class=\"elementor-element elementor-element-c16c10e e-con-full e-flex e-con e-child\" data-id=\"c16c10e\" data-element_type=\"container\" data-e-type=\"container\">\n\t\t\t\t<div class=\"elementor-element elementor-element-e991a1f elementor-widget elementor-widget-text-editor\" data-id=\"e991a1f\" data-element_type=\"widget\" data-e-type=\"widget\" data-widget_type=\"text-editor.default\">\n\t\t\t\t<div class=\"elementor-widget-container\">\n\t\t\t\t\t\t\t\t\t<p>En C\u00f4te d\u2019Ivoire, cette dynamique est renforc\u00e9e par une politique nationale active en mati\u00e8re de digitalisation. Notamment, les investissements en cours dans les hubs num\u00e9riques et les data centers (certains soutenus par la Banque africaine de d\u00e9veloppement) soulignent la n\u00e9cessit\u00e9 de professionnels capables de d\u00e9ployer, maintenir et s\u00e9curiser les infrastructures correspondantes, une perspective particuli\u00e8rement rassurante pour les profils en reconversion.<span data-ccp-props=\"{&quot;134233117&quot;:false,&quot;134233118&quot;:false,&quot;335551550&quot;:6,&quot;335551620&quot;:6,&quot;335559738&quot;:240,&quot;335559739&quot;:240}\">\u00a0<\/span><\/p><p>Ce m\u00e9tier se distingue aussi par sa dimension strat\u00e9gique. Bien au-del\u00e0 de l\u2019aspect technique, l\u2019administrateur joue un r\u00f4le cl\u00e9 dans la gouvernance informatique. Il intervient de fa\u00e7on critique sur la cybers\u00e9curit\u00e9, la politique de redondance, la continuit\u00e9 de service, et contribue \u00e0 fa\u00e7onner la r\u00e9silience num\u00e9rique de l\u2019entreprise. D\u00e8s lors, le choix de s\u2019orienter vers cette voie devient porteur de sens, non seulement pour soi-m\u00eame, mais aussi pour le tissu \u00e9conomique local.<span data-ccp-props=\"{&quot;134233117&quot;:false,&quot;134233118&quot;:false,&quot;335551550&quot;:6,&quot;335551620&quot;:6,&quot;335559738&quot;:240,&quot;335559739&quot;:240}\">\u00a0<\/span><\/p>\t\t\t\t\t\t\t\t<\/div>\n\t\t\t\t<\/div>\n\t\t\t\t<\/div>\n\t\t<div class=\"elementor-element elementor-element-818a5d5 e-con-full e-flex e-con e-child\" data-id=\"818a5d5\" data-element_type=\"container\" data-e-type=\"container\">\n\t\t\t\t<div class=\"elementor-element elementor-element-5ed69e6 elementor-widget elementor-widget-image\" data-id=\"5ed69e6\" data-element_type=\"widget\" data-e-type=\"widget\" data-widget_type=\"image.default\">\n\t\t\t\t<div class=\"elementor-widget-container\">\n\t\t\t\t\t\t\t\t\t\t\t\t\t\t\t<img decoding=\"async\" width=\"640\" height=\"427\" data-src=\"https:\/\/ceditech.ci\/wp-content\/uploads\/2025\/09\/view-male-engineer-work-engineers-day-celebration-2-1024x683.webp\" class=\"attachment-large size-large wp-image-19780 lazyload\" alt=\"\" data-srcset=\"https:\/\/ceditech.ci\/wp-content\/uploads\/2025\/09\/view-male-engineer-work-engineers-day-celebration-2-1024x683.webp 1024w, https:\/\/ceditech.ci\/wp-content\/uploads\/2025\/09\/view-male-engineer-work-engineers-day-celebration-2-300x200.webp 300w, https:\/\/ceditech.ci\/wp-content\/uploads\/2025\/09\/view-male-engineer-work-engineers-day-celebration-2-768x512.webp 768w, https:\/\/ceditech.ci\/wp-content\/uploads\/2025\/09\/view-male-engineer-work-engineers-day-celebration-2-1536x1024.webp 1536w, https:\/\/ceditech.ci\/wp-content\/uploads\/2025\/09\/view-male-engineer-work-engineers-day-celebration-2-2048x1365.webp 2048w, https:\/\/ceditech.ci\/wp-content\/uploads\/2025\/09\/view-male-engineer-work-engineers-day-celebration-2-18x12.webp 18w, https:\/\/ceditech.ci\/wp-content\/uploads\/2025\/09\/view-male-engineer-work-engineers-day-celebration-2-600x400.webp 600w\" data-sizes=\"(max-width: 640px) 100vw, 640px\" src=\"data:image\/gif;base64,R0lGODlhAQABAAAAACH5BAEKAAEALAAAAAABAAEAAAICTAEAOw==\" style=\"--smush-placeholder-width: 640px; --smush-placeholder-aspect-ratio: 640\/427;\" \/><noscript><img decoding=\"async\" width=\"640\" height=\"427\" src=\"https:\/\/ceditech.ci\/wp-content\/uploads\/2025\/09\/view-male-engineer-work-engineers-day-celebration-2-1024x683.webp\" class=\"attachment-large size-large wp-image-19780\" alt=\"\" srcset=\"https:\/\/ceditech.ci\/wp-content\/uploads\/2025\/09\/view-male-engineer-work-engineers-day-celebration-2-1024x683.webp 1024w, https:\/\/ceditech.ci\/wp-content\/uploads\/2025\/09\/view-male-engineer-work-engineers-day-celebration-2-300x200.webp 300w, https:\/\/ceditech.ci\/wp-content\/uploads\/2025\/09\/view-male-engineer-work-engineers-day-celebration-2-768x512.webp 768w, https:\/\/ceditech.ci\/wp-content\/uploads\/2025\/09\/view-male-engineer-work-engineers-day-celebration-2-1536x1024.webp 1536w, https:\/\/ceditech.ci\/wp-content\/uploads\/2025\/09\/view-male-engineer-work-engineers-day-celebration-2-2048x1365.webp 2048w, https:\/\/ceditech.ci\/wp-content\/uploads\/2025\/09\/view-male-engineer-work-engineers-day-celebration-2-18x12.webp 18w, https:\/\/ceditech.ci\/wp-content\/uploads\/2025\/09\/view-male-engineer-work-engineers-day-celebration-2-600x400.webp 600w\" sizes=\"(max-width: 640px) 100vw, 640px\" \/><\/noscript>\t\t\t\t\t\t\t\t\t\t\t\t\t\t\t<\/div>\n\t\t\t\t<\/div>\n\t\t\t\t<\/div>\n\t\t\t\t<\/div>\n\t\t<div class=\"elementor-element elementor-element-c5fdf31 e-con-full e-flex e-con e-parent\" data-id=\"c5fdf31\" data-element_type=\"container\" data-e-type=\"container\">\n\t\t\t\t<div class=\"elementor-element elementor-element-6a3f72e elementor-widget elementor-widget-spacer\" data-id=\"6a3f72e\" data-element_type=\"widget\" data-e-type=\"widget\" data-widget_type=\"spacer.default\">\n\t\t\t\t<div class=\"elementor-widget-container\">\n\t\t\t\t\t\t\t<div class=\"elementor-spacer\">\n\t\t\t<div class=\"elementor-spacer-inner\"><\/div>\n\t\t<\/div>\n\t\t\t\t\t\t<\/div>\n\t\t\t\t<\/div>\n\t\t\t\t<\/div>\n\t\t<div class=\"elementor-element elementor-element-ebab107 e-con-full e-flex e-con e-parent\" data-id=\"ebab107\" data-element_type=\"container\" data-e-type=\"container\">\n\t\t\t\t<div class=\"elementor-element elementor-element-7eec4f7 elementor-widget elementor-widget-text-editor\" data-id=\"7eec4f7\" data-element_type=\"widget\" data-e-type=\"widget\" data-widget_type=\"text-editor.default\">\n\t\t\t\t<div class=\"elementor-widget-container\">\n\t\t\t\t\t\t\t\t\t<p>Reconna\u00eetre cette r\u00e9alit\u00e9 incite \u00e0 adopter une d\u00e9marche r\u00e9flexive dans une transition professionnelle. Un profil m\u00fbr (entre 30 et 45 ans), fort d\u2019une exp\u00e9rience transversale, peut apporter un avantage consid\u00e9rable. La capacit\u00e9 \u00e0 f\u00e9d\u00e9rer l\u2019appareil technique et les d\u00e9cideurs m\u00e9tiers est rare, mais elle se r\u00e9v\u00e8le fondamentale pour b\u00e2tir des infrastructures durables dans un pays qui vise une souverainet\u00e9 num\u00e9rique renforc\u00e9e.<span data-ccp-props=\"{&quot;134233117&quot;:false,&quot;134233118&quot;:false,&quot;335551550&quot;:6,&quot;335551620&quot;:6,&quot;335559738&quot;:240,&quot;335559739&quot;:240}\">\u00a0<\/span><\/p><p><span data-contrast=\"auto\">\u00c0 terme, le r\u00f4le d\u2019<strong>ADMINISTRATEUR SYSTEMES ET RESEAUX<\/strong> s\u2019av\u00e8re comme une carri\u00e8re rassurante, utile et pleine d\u2019opportunit\u00e9s pour les personnes d\u00e9sireuses de se r\u00e9orienter vers un m\u00e9tier d\u2019avenir. <\/span><span data-ccp-props=\"{&quot;134233117&quot;:false,&quot;134233118&quot;:false,&quot;335551550&quot;:6,&quot;335551620&quot;:6,&quot;335559738&quot;:240,&quot;335559739&quot;:240}\">\u00a0<\/span><\/p>\t\t\t\t\t\t\t\t<\/div>\n\t\t\t\t<\/div>\n\t\t\t\t<div class=\"elementor-element elementor-element-798fef2 elementor-widget elementor-widget-spacer\" data-id=\"798fef2\" data-element_type=\"widget\" data-e-type=\"widget\" data-widget_type=\"spacer.default\">\n\t\t\t\t<div class=\"elementor-widget-container\">\n\t\t\t\t\t\t\t<div class=\"elementor-spacer\">\n\t\t\t<div class=\"elementor-spacer-inner\"><\/div>\n\t\t<\/div>\n\t\t\t\t\t\t<\/div>\n\t\t\t\t<\/div>\n\t\t\t\t<\/div>\n\t\t<div class=\"elementor-element elementor-element-90aea32 e-con-full e-flex e-con e-parent\" data-id=\"90aea32\" data-element_type=\"container\" data-e-type=\"container\" data-settings=\"{&quot;background_background&quot;:&quot;classic&quot;}\">\n\t\t\t\t<div class=\"elementor-element elementor-element-9b350bc elementor-widget elementor-widget-heading\" data-id=\"9b350bc\" data-element_type=\"widget\" data-e-type=\"widget\" data-widget_type=\"heading.default\">\n\t\t\t\t<div class=\"elementor-widget-container\">\n\t\t\t\t\t<h3 class=\"elementor-heading-title elementor-size-default\">Vous \u00eates une entreprise ou un jeune professsionel en reconversion ?<\/h3>\t\t\t\t<\/div>\n\t\t\t\t<\/div>\n\t\t\t\t<div class=\"elementor-element elementor-element-76e011e elementor-widget__width-initial elementor-widget elementor-widget-text-editor\" data-id=\"76e011e\" data-element_type=\"widget\" data-e-type=\"widget\" data-widget_type=\"text-editor.default\">\n\t\t\t\t<div class=\"elementor-widget-container\">\n\t\t\t\t\t\t\t\t\t<h6>D\u00e9couvrez nos <strong>parcours m\u00e9tiers tech<\/strong> con\u00e7us pour r\u00e9pondre aux besoins du march\u00e9 africain : formations pratiques, accompagnement personnalis\u00e9, insertion professionnelle garantie.<\/h6>\t\t\t\t\t\t\t\t<\/div>\n\t\t\t\t<\/div>\n\t\t\t\t<div class=\"elementor-element elementor-element-533a4b0 elementor-align-center elementor-widget elementor-widget-button\" data-id=\"533a4b0\" data-element_type=\"widget\" data-e-type=\"widget\" data-widget_type=\"button.default\">\n\t\t\t\t<div class=\"elementor-widget-container\">\n\t\t\t\t\t\t\t\t\t<div class=\"elementor-button-wrapper\">\n\t\t\t\t\t<a class=\"elementor-button elementor-button-link elementor-size-sm\" href=\"#elementor-action:action=popup:open&settings=eyJpZCI6IjE5NTgxIiwidG9nZ2xlIjpmYWxzZX0=\">\n\t\t\t\t\t\t<span class=\"elementor-button-content-wrapper\">\n\t\t\t\t\t\t\t\t\t<span class=\"elementor-button-text\">Nos parcours m\u00e9tiers <\/span>\n\t\t\t\t\t<\/span>\n\t\t\t\t\t<\/a>\n\t\t\t\t<\/div>\n\t\t\t\t\t\t\t\t<\/div>\n\t\t\t\t<\/div>\n\t\t\t\t<div class=\"elementor-element elementor-element-94a7896 elementor-widget elementor-widget-spacer\" data-id=\"94a7896\" data-element_type=\"widget\" data-e-type=\"widget\" data-widget_type=\"spacer.default\">\n\t\t\t\t<div class=\"elementor-widget-container\">\n\t\t\t\t\t\t\t<div class=\"elementor-spacer\">\n\t\t\t<div class=\"elementor-spacer-inner\"><\/div>\n\t\t<\/div>\n\t\t\t\t\t\t<\/div>\n\t\t\t\t<\/div>\n\t\t\t\t<\/div>\n\t\t\t\t<\/div>","protected":false},"excerpt":{"rendered":"<p>Administrateur Syst\u00e8mes et R\u00e9seauxLe gardien invisible de l\u2019infrastructure num\u00e9rique Dans l\u2019ar\u00e8ne de la transformation digitale africaine, o\u00f9 l\u2019acc\u00e8s au num\u00e9rique&#8230;<\/p>","protected":false},"author":7,"featured_media":19776,"comment_status":"open","ping_status":"open","sticky":false,"template":"elementor_canvas","format":"standard","meta":{"content-type":"","footnotes":""},"categories":[95],"tags":[],"class_list":["post-19775","post","type-post","status-publish","format-standard","has-post-thumbnail","hentry","category-ceditech"],"yoast_head":"<!-- This site is optimized with the Yoast SEO Premium plugin v23.6 (Yoast SEO v23.8) - https:\/\/yoast.com\/wordpress\/plugins\/seo\/ -->\n<title>Administrateur Syst\u00e8mes et R\u00e9seaux : Le gardien invisible de l\u2019infrastructure num\u00e9rique - Ceditech<\/title>\n<meta name=\"robots\" content=\"index, follow, max-snippet:-1, max-image-preview:large, max-video-preview:-1\" \/>\n<link rel=\"canonical\" href=\"https:\/\/ceditech.ci\/en\/administrateur-systemes-et-reseaux-gardien-invisible-de-linfrastructure-numerique\/\" \/>\n<meta property=\"og:locale\" content=\"en_GB\" \/>\n<meta property=\"og:type\" content=\"article\" \/>\n<meta property=\"og:title\" content=\"Administrateur Syst\u00e8mes et R\u00e9seaux : Le gardien invisible de l\u2019infrastructure num\u00e9rique\" \/>\n<meta property=\"og:description\" content=\"Administrateur Syst\u00e8mes et R\u00e9seauxLe gardien invisible de l\u2019infrastructure num\u00e9rique Dans l\u2019ar\u00e8ne de la transformation digitale africaine, o\u00f9 l\u2019acc\u00e8s au num\u00e9rique&#8230;\" \/>\n<meta property=\"og:url\" content=\"https:\/\/ceditech.ci\/en\/administrateur-systemes-et-reseaux-gardien-invisible-de-linfrastructure-numerique\/\" \/>\n<meta property=\"og:site_name\" content=\"Ceditech\" \/>\n<meta property=\"article:publisher\" content=\"https:\/\/www.facebook.com\/ceditech.ci\" \/>\n<meta property=\"article:published_time\" content=\"2025-09-01T20:46:04+00:00\" \/>\n<meta property=\"article:modified_time\" content=\"2025-09-02T09:00:05+00:00\" \/>\n<meta property=\"og:image\" content=\"https:\/\/ceditech.ci\/wp-content\/uploads\/2025\/09\/Administrateur-systemes-banner-scaled.webp\" \/>\n\t<meta property=\"og:image:width\" content=\"2560\" \/>\n\t<meta property=\"og:image:height\" content=\"901\" \/>\n\t<meta property=\"og:image:type\" content=\"image\/webp\" \/>\n<meta name=\"author\" content=\"Sylvestre KOUAKOU\" \/>\n<meta name=\"twitter:card\" content=\"summary_large_image\" \/>\n<meta name=\"twitter:creator\" content=\"@CEDITECH01\" \/>\n<meta name=\"twitter:site\" content=\"@CEDITECH01\" \/>\n<meta name=\"twitter:label1\" content=\"Written by\" \/>\n\t<meta name=\"twitter:data1\" content=\"Sylvestre KOUAKOU\" \/>\n\t<meta name=\"twitter:label2\" content=\"Est. reading time\" \/>\n\t<meta name=\"twitter:data2\" content=\"3 minutes\" \/>\n<script type=\"application\/ld+json\" class=\"yoast-schema-graph\">{\"@context\":\"https:\/\/schema.org\",\"@graph\":[{\"@type\":\"Article\",\"@id\":\"https:\/\/ceditech.ci\/administrateur-systemes-et-reseaux-gardien-invisible-de-linfrastructure-numerique\/#article\",\"isPartOf\":{\"@id\":\"https:\/\/ceditech.ci\/administrateur-systemes-et-reseaux-gardien-invisible-de-linfrastructure-numerique\/\"},\"author\":{\"name\":\"Sylvestre KOUAKOU\",\"@id\":\"https:\/\/ceditech.ci\/#\/schema\/person\/6f288c3b95d7ba340023fac057785133\"},\"headline\":\"Administrateur Syst\u00e8mes et R\u00e9seaux : Le gardien invisible de l\u2019infrastructure num\u00e9rique\",\"datePublished\":\"2025-09-01T20:46:04+00:00\",\"dateModified\":\"2025-09-02T09:00:05+00:00\",\"mainEntityOfPage\":{\"@id\":\"https:\/\/ceditech.ci\/administrateur-systemes-et-reseaux-gardien-invisible-de-linfrastructure-numerique\/\"},\"wordCount\":604,\"commentCount\":0,\"publisher\":{\"@id\":\"https:\/\/ceditech.ci\/#organization\"},\"image\":{\"@id\":\"https:\/\/ceditech.ci\/administrateur-systemes-et-reseaux-gardien-invisible-de-linfrastructure-numerique\/#primaryimage\"},\"thumbnailUrl\":\"https:\/\/ceditech.ci\/wp-content\/uploads\/2025\/09\/Administrateur-systemes-banner-scaled.webp\",\"articleSection\":[\"Ceditech\"],\"inLanguage\":\"en-GB\",\"potentialAction\":[{\"@type\":\"CommentAction\",\"name\":\"Comment\",\"target\":[\"https:\/\/ceditech.ci\/administrateur-systemes-et-reseaux-gardien-invisible-de-linfrastructure-numerique\/#respond\"]}]},{\"@type\":\"WebPage\",\"@id\":\"https:\/\/ceditech.ci\/administrateur-systemes-et-reseaux-gardien-invisible-de-linfrastructure-numerique\/\",\"url\":\"https:\/\/ceditech.ci\/administrateur-systemes-et-reseaux-gardien-invisible-de-linfrastructure-numerique\/\",\"name\":\"Administrateur Syst\u00e8mes et R\u00e9seaux : Le gardien invisible de l\u2019infrastructure num\u00e9rique - Ceditech\",\"isPartOf\":{\"@id\":\"https:\/\/ceditech.ci\/#website\"},\"primaryImageOfPage\":{\"@id\":\"https:\/\/ceditech.ci\/administrateur-systemes-et-reseaux-gardien-invisible-de-linfrastructure-numerique\/#primaryimage\"},\"image\":{\"@id\":\"https:\/\/ceditech.ci\/administrateur-systemes-et-reseaux-gardien-invisible-de-linfrastructure-numerique\/#primaryimage\"},\"thumbnailUrl\":\"https:\/\/ceditech.ci\/wp-content\/uploads\/2025\/09\/Administrateur-systemes-banner-scaled.webp\",\"datePublished\":\"2025-09-01T20:46:04+00:00\",\"dateModified\":\"2025-09-02T09:00:05+00:00\",\"breadcrumb\":{\"@id\":\"https:\/\/ceditech.ci\/administrateur-systemes-et-reseaux-gardien-invisible-de-linfrastructure-numerique\/#breadcrumb\"},\"inLanguage\":\"en-GB\",\"potentialAction\":[{\"@type\":\"ReadAction\",\"target\":[\"https:\/\/ceditech.ci\/administrateur-systemes-et-reseaux-gardien-invisible-de-linfrastructure-numerique\/\"]}]},{\"@type\":\"ImageObject\",\"inLanguage\":\"en-GB\",\"@id\":\"https:\/\/ceditech.ci\/administrateur-systemes-et-reseaux-gardien-invisible-de-linfrastructure-numerique\/#primaryimage\",\"url\":\"https:\/\/ceditech.ci\/wp-content\/uploads\/2025\/09\/Administrateur-systemes-banner-scaled.webp\",\"contentUrl\":\"https:\/\/ceditech.ci\/wp-content\/uploads\/2025\/09\/Administrateur-systemes-banner-scaled.webp\",\"width\":2560,\"height\":901},{\"@type\":\"BreadcrumbList\",\"@id\":\"https:\/\/ceditech.ci\/administrateur-systemes-et-reseaux-gardien-invisible-de-linfrastructure-numerique\/#breadcrumb\",\"itemListElement\":[{\"@type\":\"ListItem\",\"position\":1,\"name\":\"Accueil\",\"item\":\"https:\/\/ceditech.ci\/\"},{\"@type\":\"ListItem\",\"position\":2,\"name\":\"Administrateur Syst\u00e8mes et R\u00e9seaux : Le gardien invisible de l\u2019infrastructure num\u00e9rique\"}]},{\"@type\":\"WebSite\",\"@id\":\"https:\/\/ceditech.ci\/#website\",\"url\":\"https:\/\/ceditech.ci\/\",\"name\":\"Ceditech\",\"description\":\"Ensemble, d\u00e9veloppons vos comp\u00e9tences professionnelles.\",\"publisher\":{\"@id\":\"https:\/\/ceditech.ci\/#organization\"},\"alternateName\":\"Ceditech\",\"potentialAction\":[{\"@type\":\"SearchAction\",\"target\":{\"@type\":\"EntryPoint\",\"urlTemplate\":\"https:\/\/ceditech.ci\/?s={search_term_string}\"},\"query-input\":{\"@type\":\"PropertyValueSpecification\",\"valueRequired\":true,\"valueName\":\"search_term_string\"}}],\"inLanguage\":\"en-GB\"},{\"@type\":\"Organization\",\"@id\":\"https:\/\/ceditech.ci\/#organization\",\"name\":\"Ceditech\",\"alternateName\":\"Ceditech\",\"url\":\"https:\/\/ceditech.ci\/\",\"logo\":{\"@type\":\"ImageObject\",\"inLanguage\":\"en-GB\",\"@id\":\"https:\/\/ceditech.ci\/#\/schema\/logo\/image\/\",\"url\":\"https:\/\/ceditech.ci\/wp-content\/uploads\/2024\/08\/cropped-Sans-titre-4_Plan-de-travail-1-copie.png\",\"contentUrl\":\"https:\/\/ceditech.ci\/wp-content\/uploads\/2024\/08\/cropped-Sans-titre-4_Plan-de-travail-1-copie.png\",\"width\":2193,\"height\":642,\"caption\":\"Ceditech\"},\"image\":{\"@id\":\"https:\/\/ceditech.ci\/#\/schema\/logo\/image\/\"},\"sameAs\":[\"https:\/\/www.facebook.com\/ceditech.ci\",\"https:\/\/x.com\/CEDITECH01\",\"https:\/\/www.linkedin.com\/company\/ceditech24\/\"],\"description\":\"Le Centre d\u2019Excellence en Technologie et Innovation (CEDITECH), est d\u00e9di\u00e9 \u00e0 la formation de professionnels qualifi\u00e9s dans les domaines les plus dynamiques de l\u2019industrie num\u00e9rique. Nous sommes fiers de collaborer avec des experts de l\u2019industrie et des institutions acad\u00e9miques de renomm\u00e9e internationale pour offrir des certifications reconnues mondialement. Ces partenariats nous permettent d\u2019assurer que nos programmes sont toujours \u00e0 jour avec les derni\u00e8res tendances et technologies, tout en offrant des opportunit\u00e9s uniques pour nos \u00e9tudiants.\",\"email\":\"info@ceditech.ci\",\"telephone\":\"27 22 5 35968\"},{\"@type\":\"Person\",\"@id\":\"https:\/\/ceditech.ci\/#\/schema\/person\/6f288c3b95d7ba340023fac057785133\",\"name\":\"Sylvestre KOUAKOU\",\"image\":{\"@type\":\"ImageObject\",\"inLanguage\":\"en-GB\",\"@id\":\"https:\/\/ceditech.ci\/#\/schema\/person\/image\/\",\"url\":\"https:\/\/secure.gravatar.com\/avatar\/70e767253b148e6065a7e2c5f6dd8d44a6b1c80d7de59cdd7daf9a5fc13f6716?s=96&d=mm&r=g\",\"contentUrl\":\"https:\/\/secure.gravatar.com\/avatar\/70e767253b148e6065a7e2c5f6dd8d44a6b1c80d7de59cdd7daf9a5fc13f6716?s=96&d=mm&r=g\",\"caption\":\"Sylvestre KOUAKOU\"},\"url\":\"https:\/\/ceditech.ci\/en\/author\/sylvestre-kouakouceditech-ci\/\"}]}<\/script>\n<!-- \/ Yoast SEO Premium plugin. -->","yoast_head_json":{"title":"Administrateur Syst\u00e8mes et R\u00e9seaux : Le gardien invisible de l\u2019infrastructure num\u00e9rique - Ceditech","robots":{"index":"index","follow":"follow","max-snippet":"max-snippet:-1","max-image-preview":"max-image-preview:large","max-video-preview":"max-video-preview:-1"},"canonical":"https:\/\/ceditech.ci\/en\/administrateur-systemes-et-reseaux-gardien-invisible-de-linfrastructure-numerique\/","og_locale":"en_GB","og_type":"article","og_title":"Administrateur Syst\u00e8mes et R\u00e9seaux : Le gardien invisible de l\u2019infrastructure num\u00e9rique","og_description":"Administrateur Syst\u00e8mes et R\u00e9seauxLe gardien invisible de l\u2019infrastructure num\u00e9rique Dans l\u2019ar\u00e8ne de la transformation digitale africaine, o\u00f9 l\u2019acc\u00e8s au num\u00e9rique&#8230;","og_url":"https:\/\/ceditech.ci\/en\/administrateur-systemes-et-reseaux-gardien-invisible-de-linfrastructure-numerique\/","og_site_name":"Ceditech","article_publisher":"https:\/\/www.facebook.com\/ceditech.ci","article_published_time":"2025-09-01T20:46:04+00:00","article_modified_time":"2025-09-02T09:00:05+00:00","og_image":[{"width":2560,"height":901,"url":"https:\/\/ceditech.ci\/wp-content\/uploads\/2025\/09\/Administrateur-systemes-banner-scaled.webp","type":"image\/webp"}],"author":"Sylvestre KOUAKOU","twitter_card":"summary_large_image","twitter_creator":"@CEDITECH01","twitter_site":"@CEDITECH01","twitter_misc":{"Written by":"Sylvestre KOUAKOU","Est. reading time":"3 minutes"},"schema":{"@context":"https:\/\/schema.org","@graph":[{"@type":"Article","@id":"https:\/\/ceditech.ci\/administrateur-systemes-et-reseaux-gardien-invisible-de-linfrastructure-numerique\/#article","isPartOf":{"@id":"https:\/\/ceditech.ci\/administrateur-systemes-et-reseaux-gardien-invisible-de-linfrastructure-numerique\/"},"author":{"name":"Sylvestre KOUAKOU","@id":"https:\/\/ceditech.ci\/#\/schema\/person\/6f288c3b95d7ba340023fac057785133"},"headline":"Administrateur Syst\u00e8mes et R\u00e9seaux : Le gardien invisible de l\u2019infrastructure num\u00e9rique","datePublished":"2025-09-01T20:46:04+00:00","dateModified":"2025-09-02T09:00:05+00:00","mainEntityOfPage":{"@id":"https:\/\/ceditech.ci\/administrateur-systemes-et-reseaux-gardien-invisible-de-linfrastructure-numerique\/"},"wordCount":604,"commentCount":0,"publisher":{"@id":"https:\/\/ceditech.ci\/#organization"},"image":{"@id":"https:\/\/ceditech.ci\/administrateur-systemes-et-reseaux-gardien-invisible-de-linfrastructure-numerique\/#primaryimage"},"thumbnailUrl":"https:\/\/ceditech.ci\/wp-content\/uploads\/2025\/09\/Administrateur-systemes-banner-scaled.webp","articleSection":["Ceditech"],"inLanguage":"en-GB","potentialAction":[{"@type":"CommentAction","name":"Comment","target":["https:\/\/ceditech.ci\/administrateur-systemes-et-reseaux-gardien-invisible-de-linfrastructure-numerique\/#respond"]}]},{"@type":"WebPage","@id":"https:\/\/ceditech.ci\/administrateur-systemes-et-reseaux-gardien-invisible-de-linfrastructure-numerique\/","url":"https:\/\/ceditech.ci\/administrateur-systemes-et-reseaux-gardien-invisible-de-linfrastructure-numerique\/","name":"Administrateur Syst\u00e8mes et R\u00e9seaux : Le gardien invisible de l\u2019infrastructure num\u00e9rique - Ceditech","isPartOf":{"@id":"https:\/\/ceditech.ci\/#website"},"primaryImageOfPage":{"@id":"https:\/\/ceditech.ci\/administrateur-systemes-et-reseaux-gardien-invisible-de-linfrastructure-numerique\/#primaryimage"},"image":{"@id":"https:\/\/ceditech.ci\/administrateur-systemes-et-reseaux-gardien-invisible-de-linfrastructure-numerique\/#primaryimage"},"thumbnailUrl":"https:\/\/ceditech.ci\/wp-content\/uploads\/2025\/09\/Administrateur-systemes-banner-scaled.webp","datePublished":"2025-09-01T20:46:04+00:00","dateModified":"2025-09-02T09:00:05+00:00","breadcrumb":{"@id":"https:\/\/ceditech.ci\/administrateur-systemes-et-reseaux-gardien-invisible-de-linfrastructure-numerique\/#breadcrumb"},"inLanguage":"en-GB","potentialAction":[{"@type":"ReadAction","target":["https:\/\/ceditech.ci\/administrateur-systemes-et-reseaux-gardien-invisible-de-linfrastructure-numerique\/"]}]},{"@type":"ImageObject","inLanguage":"en-GB","@id":"https:\/\/ceditech.ci\/administrateur-systemes-et-reseaux-gardien-invisible-de-linfrastructure-numerique\/#primaryimage","url":"https:\/\/ceditech.ci\/wp-content\/uploads\/2025\/09\/Administrateur-systemes-banner-scaled.webp","contentUrl":"https:\/\/ceditech.ci\/wp-content\/uploads\/2025\/09\/Administrateur-systemes-banner-scaled.webp","width":2560,"height":901},{"@type":"BreadcrumbList","@id":"https:\/\/ceditech.ci\/administrateur-systemes-et-reseaux-gardien-invisible-de-linfrastructure-numerique\/#breadcrumb","itemListElement":[{"@type":"ListItem","position":1,"name":"Accueil","item":"https:\/\/ceditech.ci\/"},{"@type":"ListItem","position":2,"name":"Administrateur Syst\u00e8mes et R\u00e9seaux : Le gardien invisible de l\u2019infrastructure num\u00e9rique"}]},{"@type":"WebSite","@id":"https:\/\/ceditech.ci\/#website","url":"https:\/\/ceditech.ci\/","name":"Ceditech","description":"Ensemble, d\u00e9veloppons vos comp\u00e9tences professionnelles.","publisher":{"@id":"https:\/\/ceditech.ci\/#organization"},"alternateName":"Ceditech","potentialAction":[{"@type":"SearchAction","target":{"@type":"EntryPoint","urlTemplate":"https:\/\/ceditech.ci\/?s={search_term_string}"},"query-input":{"@type":"PropertyValueSpecification","valueRequired":true,"valueName":"search_term_string"}}],"inLanguage":"en-GB"},{"@type":"Organization","@id":"https:\/\/ceditech.ci\/#organization","name":"Ceditech","alternateName":"Ceditech","url":"https:\/\/ceditech.ci\/","logo":{"@type":"ImageObject","inLanguage":"en-GB","@id":"https:\/\/ceditech.ci\/#\/schema\/logo\/image\/","url":"https:\/\/ceditech.ci\/wp-content\/uploads\/2024\/08\/cropped-Sans-titre-4_Plan-de-travail-1-copie.png","contentUrl":"https:\/\/ceditech.ci\/wp-content\/uploads\/2024\/08\/cropped-Sans-titre-4_Plan-de-travail-1-copie.png","width":2193,"height":642,"caption":"Ceditech"},"image":{"@id":"https:\/\/ceditech.ci\/#\/schema\/logo\/image\/"},"sameAs":["https:\/\/www.facebook.com\/ceditech.ci","https:\/\/x.com\/CEDITECH01","https:\/\/www.linkedin.com\/company\/ceditech24\/"],"description":"Le Centre d\u2019Excellence en Technologie et Innovation (CEDITECH), est d\u00e9di\u00e9 \u00e0 la formation de professionnels qualifi\u00e9s dans les domaines les plus dynamiques de l\u2019industrie num\u00e9rique. Nous sommes fiers de collaborer avec des experts de l\u2019industrie et des institutions acad\u00e9miques de renomm\u00e9e internationale pour offrir des certifications reconnues mondialement. Ces partenariats nous permettent d\u2019assurer que nos programmes sont toujours \u00e0 jour avec les derni\u00e8res tendances et technologies, tout en offrant des opportunit\u00e9s uniques pour nos \u00e9tudiants.","email":"info@ceditech.ci","telephone":"27 22 5 35968"},{"@type":"Person","@id":"https:\/\/ceditech.ci\/#\/schema\/person\/6f288c3b95d7ba340023fac057785133","name":"Sylvestre KOUAKOU","image":{"@type":"ImageObject","inLanguage":"en-GB","@id":"https:\/\/ceditech.ci\/#\/schema\/person\/image\/","url":"https:\/\/secure.gravatar.com\/avatar\/70e767253b148e6065a7e2c5f6dd8d44a6b1c80d7de59cdd7daf9a5fc13f6716?s=96&d=mm&r=g","contentUrl":"https:\/\/secure.gravatar.com\/avatar\/70e767253b148e6065a7e2c5f6dd8d44a6b1c80d7de59cdd7daf9a5fc13f6716?s=96&d=mm&r=g","caption":"Sylvestre KOUAKOU"},"url":"https:\/\/ceditech.ci\/en\/author\/sylvestre-kouakouceditech-ci\/"}]}},"featured_image_src":"https:\/\/ceditech.ci\/wp-content\/uploads\/2025\/09\/Administrateur-systemes-banner-600x400.webp","featured_image_src_square":"https:\/\/ceditech.ci\/wp-content\/uploads\/2025\/09\/Administrateur-systemes-banner-600x600.webp","author_info":{"display_name":"Sylvestre KOUAKOU","author_link":"https:\/\/ceditech.ci\/en\/author\/sylvestre-kouakouceditech-ci\/"},"_links":{"self":[{"href":"https:\/\/ceditech.ci\/en\/wp-json\/wp\/v2\/posts\/19775","targetHints":{"allow":["GET"]}}],"collection":[{"href":"https:\/\/ceditech.ci\/en\/wp-json\/wp\/v2\/posts"}],"about":[{"href":"https:\/\/ceditech.ci\/en\/wp-json\/wp\/v2\/types\/post"}],"author":[{"embeddable":true,"href":"https:\/\/ceditech.ci\/en\/wp-json\/wp\/v2\/users\/7"}],"replies":[{"embeddable":true,"href":"https:\/\/ceditech.ci\/en\/wp-json\/wp\/v2\/comments?post=19775"}],"version-history":[{"count":0,"href":"https:\/\/ceditech.ci\/en\/wp-json\/wp\/v2\/posts\/19775\/revisions"}],"wp:featuredmedia":[{"embeddable":true,"href":"https:\/\/ceditech.ci\/en\/wp-json\/wp\/v2\/media\/19776"}],"wp:attachment":[{"href":"https:\/\/ceditech.ci\/en\/wp-json\/wp\/v2\/media?parent=19775"}],"wp:term":[{"taxonomy":"category","embeddable":true,"href":"https:\/\/ceditech.ci\/en\/wp-json\/wp\/v2\/categories?post=19775"},{"taxonomy":"post_tag","embeddable":true,"href":"https:\/\/ceditech.ci\/en\/wp-json\/wp\/v2\/tags?post=19775"}],"curies":[{"name":"wp","href":"https:\/\/api.w.org\/{rel}","templated":true}]}}